{"id":785,"date":"2011-07-14T20:04:00","date_gmt":"2011-07-14T18:04:00","guid":{"rendered":"https:\/\/www.pallarea.fr\/?p=785"},"modified":"2022-11-27T18:15:44","modified_gmt":"2022-11-27T17:15:44","slug":"santa-espina","status":"publish","type":"post","link":"https:\/\/www.pallarea.fr\/?p=785","title":{"rendered":"Santa Espina"},"content":{"rendered":"\n<p>J&rsquo;appr\u00e9cie la Santa Espina, \u00e2me musicale de la Catalogne, mais c&rsquo;est la premi\u00e8re fois que j&rsquo;en entends une version chant\u00e9e&#8230;<\/p>\n\n\n\n<figure class=\"wp-block-embed is-type-video is-provider-youtube wp-block-embed-youtube wp-embed-aspect-4-3 wp-has-aspect-ratio\"><div class=\"wp-block-embed__wrapper\">\n<iframe loading=\"lazy\" title=\"Sardanes: LA SANTA ESPINA-Salom\u00e9\" width=\"580\" height=\"435\" src=\"https:\/\/www.youtube.com\/embed\/XhLrGuQpr80?feature=oembed\" frameborder=\"0\" allow=\"accelerometer; autoplay; clipboard-write; encrypted-media; gyroscope; picture-in-picture; web-share\" referrerpolicy=\"strict-origin-when-cross-origin\" allowfullscreen><\/iframe>\n<\/div><\/figure>\n\n\n\n<p>Et encore mieux:<\/p>\n\n\n\n<figure class=\"wp-block-embed is-type-video is-provider-youtube wp-block-embed-youtube wp-embed-aspect-16-9 wp-has-aspect-ratio\"><div class=\"wp-block-embed__wrapper\">\n<iframe loading=\"lazy\" title=\"Marina Rossell al Gran Teatre del Liceu: 22. La Santa Espina\" width=\"580\" height=\"326\" src=\"https:\/\/www.youtube.com\/embed\/OJLFbxsRrgg?feature=oembed\" frameborder=\"0\" allow=\"accelerometer; autoplay; clipboard-write; encrypted-media; gyroscope; picture-in-picture; web-share\" referrerpolicy=\"strict-origin-when-cross-origin\" allowfullscreen><\/iframe>\n<\/div><\/figure>\n<div class=\"fcbkbttn_buttons_block\" id=\"fcbkbttn_left\"><div class=\"fcbkbttn_like fcbkbttn_large_button\"><fb:like href=\"https:\/\/www.pallarea.fr\/?p=785\" action=\"like\" colorscheme=\"light\" layout=\"button\"  size=\"large\"><\/fb:like><\/div><div class=\"fb-share-button fcbkbttn_large_button \" data-href=\"https:\/\/www.pallarea.fr\/?p=785\" data-type=\"button\" data-size=\"large\"><\/div><\/div>","protected":false},"excerpt":{"rendered":"<p>J&rsquo;appr\u00e9cie la Santa Espina, \u00e2me musicale de la Catalogne, mais c&rsquo;est la premi\u00e8re fois que j&rsquo;en entends une version chant\u00e9e&#8230; Et encore mieux:<\/p>\n","protected":false},"author":2,"featured_media":0,"comment_status":"closed","ping_status":"open","sticky":false,"template":"","format":"standard","meta":{"_jetpack_memberships_contains_paid_content":false,"footnotes":""},"categories":[4],"tags":[],"class_list":["post-785","post","type-post","status-publish","format-standard","hentry","category-liens-divers"],"jetpack_featured_media_url":"","jetpack_sharing_enabled":true,"_links":{"self":[{"href":"https:\/\/www.pallarea.fr\/index.php?rest_route=\/wp\/v2\/posts\/785","targetHints":{"allow":["GET"]}}],"collection":[{"href":"https:\/\/www.pallarea.fr\/index.php?rest_route=\/wp\/v2\/posts"}],"about":[{"href":"https:\/\/www.pallarea.fr\/index.php?rest_route=\/wp\/v2\/types\/post"}],"author":[{"embeddable":true,"href":"https:\/\/www.pallarea.fr\/index.php?rest_route=\/wp\/v2\/users\/2"}],"replies":[{"embeddable":true,"href":"https:\/\/www.pallarea.fr\/index.php?rest_route=%2Fwp%2Fv2%2Fcomments&post=785"}],"version-history":[{"count":2,"href":"https:\/\/www.pallarea.fr\/index.php?rest_route=\/wp\/v2\/posts\/785\/revisions"}],"predecessor-version":[{"id":1899,"href":"https:\/\/www.pallarea.fr\/index.php?rest_route=\/wp\/v2\/posts\/785\/revisions\/1899"}],"wp:attachment":[{"href":"https:\/\/www.pallarea.fr\/index.php?rest_route=%2Fwp%2Fv2%2Fmedia&parent=785"}],"wp:term":[{"taxonomy":"category","embeddable":true,"href":"https:\/\/www.pallarea.fr\/index.php?rest_route=%2Fwp%2Fv2%2Fcategories&post=785"},{"taxonomy":"post_tag","embeddable":true,"href":"https:\/\/www.pallarea.fr\/index.php?rest_route=%2Fwp%2Fv2%2Ftags&post=785"}],"curies":[{"name":"wp","href":"https:\/\/api.w.org\/{rel}","templated":true}]}}