{"id":1169,"date":"2021-02-24T17:39:31","date_gmt":"2021-02-24T16:39:31","guid":{"rendered":"https:\/\/www.pallarea.fr\/?p=1169"},"modified":"2021-03-30T17:04:57","modified_gmt":"2021-03-30T15:04:57","slug":"la-statue-daristote","status":"publish","type":"post","link":"https:\/\/www.pallarea.fr\/?p=1169","title":{"rendered":"La statue d&rsquo;Aristote\u2026"},"content":{"rendered":"\n<div class=\"wp-block-image\"><figure class=\"aligncenter size-large\"><img data-recalc-dims=\"1\" loading=\"lazy\" decoding=\"async\" width=\"550\" height=\"413\" src=\"https:\/\/i0.wp.com\/www.pallarea.fr\/wp-content\/uploads\/2021\/02\/statue-d-aristote.jpg?resize=550%2C413&#038;ssl=1\" alt=\"\" class=\"wp-image-1176\" srcset=\"https:\/\/i0.wp.com\/www.pallarea.fr\/wp-content\/uploads\/2021\/02\/statue-d-aristote.jpg?w=550&amp;ssl=1 550w, https:\/\/i0.wp.com\/www.pallarea.fr\/wp-content\/uploads\/2021\/02\/statue-d-aristote.jpg?resize=300%2C225&amp;ssl=1 300w\" sizes=\"auto, (max-width: 550px) 100vw, 550px\" \/><figcaption>La statue d&rsquo;Aristote, Thessalonique, Gr\u00e8ce<\/figcaption><\/figure><\/div>\n\n\n\n<p class=\"wp-block-paragraph\">Personne n&rsquo;a pens\u00e9 \u00e0 d\u00e9boulonner, ou, \u00e0 tout le moins, \u00e0 badigeonner de peinture et d&rsquo;insultes, la statue d&rsquo;Aristote\u2026 Et pourtant.<\/p>\n\n\n\n<p class=\"wp-block-paragraph\">Non seulement Aristote ne s&rsquo;est pas \u00e9lev\u00e9 avec force contre l&rsquo;esclavage \u2013m\u00eame s&rsquo;il a abord\u00e9 la question d&rsquo;un point de vue plut\u00f4t lib\u00e9ral pour l&rsquo;\u00e9poque\u2013 mais encore, il avait des esclaves. La preuve, il les a affranchis apr\u00e8s sa mort! Ce qui veut dire que, pendant tout le temps o\u00f9 il enseignait la philosophie, il se faisant servir, gratuitement, par des gens qu&rsquo;il privait, volontairement et pour son int\u00e9r\u00eat, de leur libert\u00e9.<\/p>\n\n\n\n<p class=\"wp-block-paragraph\">Et avant Aristote, Platon avait des esclaves, Socrate sans doute aussi (et s&rsquo;il n&rsquo;en avait pas, c&rsquo;est parce qu&rsquo;il \u00e9tait pauvre), Pythagore, sans doute, aussi. Bref, tous ces Grecs, P\u00e8res fondateurs de la philosophie, avaient des esclaves. Comme, d&rsquo;ailleurs, la quasi-totalit\u00e9 des citoyens dans la d\u00e9mocratie que la Gr\u00e8ce inventait, parce que, pour faire de la politique, il faut avoir du temps libre\u2026<\/p>\n\n\n\n<p class=\"wp-block-paragraph\">Et apr\u00e8s Aristote, Augustin d&rsquo;Hippone, ce P\u00e8re de l&rsquo;\u00c9glise, suivi par d&rsquo;autres, pr\u00eatres, \u00e9v\u00eaques, cardinaux, papes, Augustin ne s&rsquo;\u00e9levait pas contre l&rsquo;esclavage. Beaucoup de dirigeants catholiques, m\u00eame, y trouvaient des justifications th\u00e9ologiques.<\/p>\n\n\n\n<p class=\"wp-block-paragraph\">Alors, \u00e0 ceux qui ne veulent plus honorer la m\u00e9moire de Jean-Baptiste Colbert, qui a l\u00e9gif\u00e9r\u00e9 sur le sujet (travail poursuivi par son descendant et successeur), ou de Thomas Jefferson, qui avait des esclaves, et qui est m\u00eame soup\u00e7onn\u00e9 d&rsquo;en avoir mise une dans son lit, \u00e0 tous ceux-l\u00e0, un seul mot d&rsquo;ordre, un seul imp\u00e9ratif, un seul objectif, un seul cri!<\/p>\n\n\n\n<p class=\"wp-block-paragraph\">Abattez toutes les statues, oubliez tous les grands hommes, ne pardonnez rien \u00e0 ceux qui, en leur temps, ont suivi les moeurs de l&rsquo;\u00e9poque o\u00f9 ils ont v\u00e9cu, et, loin de les maintenir ou les aggraver, n&rsquo;ont tent\u00e9 que de les adoucir, de les modifier, de les am\u00e9liorer, et encore, uniquement par leur seule raison, l&rsquo;expression publique de leur intelligence et leur volont\u00e9 de convaincre leurs semblables.<\/p>\n\n\n\n<p class=\"wp-block-paragraph\">Abattez-les tous, insultez-les tous, vilipendez-les tous, ceux qui ont refus\u00e9 de r\u00e9former brutalement et dans la violence, ne retenez rien de ce qu&rsquo;ils ont pu faire de juste et de bon, de ce qu&rsquo;ils ont fait en leur temps pour que, aujourd&rsquo;hui, vous puissiez les critiquer.<\/p>\n\n\n\n<p class=\"wp-block-paragraph\">Et songez que, demain, d&rsquo;autres vous reprocheront, \u00e0 vous, bien plus de choses que vous leur reprochez, \u00e0 eux: ils ont b\u00e2ti l\u00e0 o\u00f9 vous ne faites que d\u00e9molir.<\/p>\n\n\n\n<hr class=\"wp-block-separator\"\/>\n\n\n\n<p class=\"wp-block-paragraph\">Une page int\u00e9ressante sur Aristote et l&rsquo;esclavage:<br><a href=\"http:\/\/bcs.fltr.ucl.ac.be\/FE\/13\/esclavage.htm\" target=\"_blank\" rel=\"noreferrer noopener\">bcs.fltr.ucl.ac.be\/FE\/13\/esclavage.htm<\/a><\/p>\n<div class=\"fcbkbttn_buttons_block\" id=\"fcbkbttn_left\"><div class=\"fcbkbttn_like fcbkbttn_large_button\"><fb:like href=\"https:\/\/www.pallarea.fr\/?p=1169\" action=\"like\" colorscheme=\"light\" layout=\"button\"  size=\"large\"><\/fb:like><\/div><div class=\"fb-share-button fcbkbttn_large_button \" data-href=\"https:\/\/www.pallarea.fr\/?p=1169\" data-type=\"button\" data-size=\"large\"><\/div><\/div>","protected":false},"excerpt":{"rendered":"<p>Autre temps, autres moeurs<\/p>\n","protected":false},"author":2,"featured_media":1176,"comment_status":"closed","ping_status":"open","sticky":false,"template":"","format":"standard","meta":{"_jetpack_newsletter_access":"","_jetpack_dont_email_post_to_subs":false,"_jetpack_newsletter_tier_id":0,"_jetpack_memberships_contains_paywalled_content":false,"_jetpack_memberships_contains_paid_content":false,"footnotes":""},"categories":[7],"tags":[],"class_list":["post-1169","post","type-post","status-publish","format-standard","has-post-thumbnail","hentry","category-opinions"],"jetpack_sharing_enabled":true,"jetpack_featured_media_url":"https:\/\/i0.wp.com\/www.pallarea.fr\/wp-content\/uploads\/2021\/02\/statue-d-aristote.jpg?fit=550%2C413&ssl=1","_links":{"self":[{"href":"https:\/\/www.pallarea.fr\/index.php?rest_route=\/wp\/v2\/posts\/1169","targetHints":{"allow":["GET"]}}],"collection":[{"href":"https:\/\/www.pallarea.fr\/index.php?rest_route=\/wp\/v2\/posts"}],"about":[{"href":"https:\/\/www.pallarea.fr\/index.php?rest_route=\/wp\/v2\/types\/post"}],"author":[{"embeddable":true,"href":"https:\/\/www.pallarea.fr\/index.php?rest_route=\/wp\/v2\/users\/2"}],"replies":[{"embeddable":true,"href":"https:\/\/www.pallarea.fr\/index.php?rest_route=%2Fwp%2Fv2%2Fcomments&post=1169"}],"version-history":[{"count":21,"href":"https:\/\/www.pallarea.fr\/index.php?rest_route=\/wp\/v2\/posts\/1169\/revisions"}],"predecessor-version":[{"id":1197,"href":"https:\/\/www.pallarea.fr\/index.php?rest_route=\/wp\/v2\/posts\/1169\/revisions\/1197"}],"wp:featuredmedia":[{"embeddable":true,"href":"https:\/\/www.pallarea.fr\/index.php?rest_route=\/wp\/v2\/media\/1176"}],"wp:attachment":[{"href":"https:\/\/www.pallarea.fr\/index.php?rest_route=%2Fwp%2Fv2%2Fmedia&parent=1169"}],"wp:term":[{"taxonomy":"category","embeddable":true,"href":"https:\/\/www.pallarea.fr\/index.php?rest_route=%2Fwp%2Fv2%2Fcategories&post=1169"},{"taxonomy":"post_tag","embeddable":true,"href":"https:\/\/www.pallarea.fr\/index.php?rest_route=%2Fwp%2Fv2%2Ftags&post=1169"}],"curies":[{"name":"wp","href":"https:\/\/api.w.org\/{rel}","templated":true}]}}